{"id":1172,"date":"2024-02-26T16:51:13","date_gmt":"2024-02-26T16:51:13","guid":{"rendered":"https:\/\/sfc-stein.de\/?p=1172"},"modified":"2024-02-26T17:00:59","modified_gmt":"2024-02-26T17:00:59","slug":"dienstag-05-03-2024-sfc-videoabend-europas-schoene-unbekannte-albanien","status":"publish","type":"post","link":"https:\/\/sfc-stein.de\/?p=1172","title":{"rendered":"Dienstag 05.03.2024 &#8211; SFC-Videoabend: Europas sch\u00f6ne Unbekannte &#8211; Albanien"},"content":{"rendered":"<div><span style=\"font-size: large;\">Liebe SFCler, liebe G\u00e4ste des SFC,<br \/>\n<\/span><\/div>\n<div><span style=\"font-size: large;\">&nbsp;<\/span><\/div>\n<div><span style=\"font-size: large;\">der SFC m\u00f6chte Euch\/Sie am <b>Dienstag<\/b>, den <b>5.M\u00e4rz 2024<\/b> um <b>19:30 Uhr<\/b> recht herzlich zum Videoabend in unseren Clubr\u00e4umen <\/span><span style=\"font-size: large;\">einladen.<\/span><\/div>\n<div><span style=\"font-size: large;\">Unser Mitglied <b>Ilse Ziedrich<\/b> m\u00f6chte uns mit ihrem Videofilm auf eine&nbsp;Albanien-Rundreise mitnehmen.<\/span><\/div>\n<div><span style=\"font-size: large;\"><img fetchpriority=\"high\" decoding=\"async\" class=\"size-medium wp-image-1173 aligncenter\" src=\"https:\/\/sfc-stein.de\/wp-content\/uploads\/2024\/02\/IMG-20240223-WA0001-300x200.jpg\" alt=\"\" width=\"300\" height=\"200\" srcset=\"https:\/\/sfc-stein.de\/wp-content\/uploads\/2024\/02\/IMG-20240223-WA0001-300x200.jpg 300w, https:\/\/sfc-stein.de\/wp-content\/uploads\/2024\/02\/IMG-20240223-WA0001-391x260.jpg 391w, https:\/\/sfc-stein.de\/wp-content\/uploads\/2024\/02\/IMG-20240223-WA0001.jpg 612w\" sizes=\"(max-width: 300px) 100vw, 300px\" \/><\/span><\/div>\n<div><span style=\"font-size: large;\">Albanien kann man als einen Geheimtipp mit seiner alpinen Bergwelt und den herrlichen K\u00fcsten am Ionischen Meer und der Adria bezeichnen.<\/span><\/div>\n<div><span style=\"font-size: large;\">Dieser Filmabend zeigt Eindr\u00fccke von St\u00e4dten, Land und Leuten, historischen Zentren und seiner noch unber\u00fchrten Natur.<\/span><\/div>\n<div>&nbsp;<\/div>\n<div><span style=\"font-size: large;\">G\u00e4ste sind herzlich willkommen, der Eintritt ist frei.&nbsp;&nbsp;<\/span><\/div>\n<div><span style=\"font-size: large;\">Bitte beachtet die begrenzte Sitzplatzzahl und kommt rechtzeitig!&nbsp;<\/span><\/div>\n<div><span style=\"font-size: large;\">&nbsp;<\/span><\/div>\n<div><span style=\"font-size: large;\">Euer Richard Walter<\/span><\/div>\n","protected":false},"excerpt":{"rendered":"<p>Liebe SFCler, liebe G\u00e4ste des SFC, &nbsp; der SFC m\u00f6chte Euch\/Sie am Dienstag, den 5.M\u00e4rz 2024 um 19:30 Uhr recht herzlich zum Videoabend in unseren Clubr\u00e4umen einladen. Unser Mitglied Ilse Ziedrich m\u00f6chte uns mit ihrem Videofilm auf eine&nbsp;Albanien-Rundreise mitnehmen. Albanien kann man als einen Geheimtipp mit seiner alpinen Bergwelt und den herrlichen K\u00fcsten am Ionischen [&hellip;]<\/p>\n","protected":false},"author":1,"featured_media":0,"comment_status":"closed","ping_status":"closed","sticky":false,"template":"","format":"standard","meta":{"ngg_post_thumbnail":0,"footnotes":""},"categories":[9],"tags":[],"class_list":["post-1172","post","type-post","status-publish","format-standard","hentry","category-sfc-veranstaltungen"],"_links":{"self":[{"href":"https:\/\/sfc-stein.de\/index.php?rest_route=\/wp\/v2\/posts\/1172","targetHints":{"allow":["GET"]}}],"collection":[{"href":"https:\/\/sfc-stein.de\/index.php?rest_route=\/wp\/v2\/posts"}],"about":[{"href":"https:\/\/sfc-stein.de\/index.php?rest_route=\/wp\/v2\/types\/post"}],"author":[{"embeddable":true,"href":"https:\/\/sfc-stein.de\/index.php?rest_route=\/wp\/v2\/users\/1"}],"replies":[{"embeddable":true,"href":"https:\/\/sfc-stein.de\/index.php?rest_route=%2Fwp%2Fv2%2Fcomments&post=1172"}],"version-history":[{"count":1,"href":"https:\/\/sfc-stein.de\/index.php?rest_route=\/wp\/v2\/posts\/1172\/revisions"}],"predecessor-version":[{"id":1174,"href":"https:\/\/sfc-stein.de\/index.php?rest_route=\/wp\/v2\/posts\/1172\/revisions\/1174"}],"wp:attachment":[{"href":"https:\/\/sfc-stein.de\/index.php?rest_route=%2Fwp%2Fv2%2Fmedia&parent=1172"}],"wp:term":[{"taxonomy":"category","embeddable":true,"href":"https:\/\/sfc-stein.de\/index.php?rest_route=%2Fwp%2Fv2%2Fcategories&post=1172"},{"taxonomy":"post_tag","embeddable":true,"href":"https:\/\/sfc-stein.de\/index.php?rest_route=%2Fwp%2Fv2%2Ftags&post=1172"}],"curies":[{"name":"wp","href":"https:\/\/api.w.org\/{rel}","templated":true}]}}