{"id":1163,"date":"2024-01-21T11:06:14","date_gmt":"2024-01-21T11:06:14","guid":{"rendered":"https:\/\/sfc-stein.de\/?p=1163"},"modified":"2024-01-21T11:07:36","modified_gmt":"2024-01-21T11:07:36","slug":"06-02-2024-sfc-treff-gerhard-amm-zeigt-zauberhaftes-franken","status":"publish","type":"post","link":"https:\/\/sfc-stein.de\/?p=1163","title":{"rendered":"Dienstag den 06.02.2024 SFC-Treff: Gerhard Amm zeigt \u201eZauberhaftes Franken&#8221;"},"content":{"rendered":"<p>\u201eZauberhaftes Franken&#8221;<\/p>\n<p>ein neuer Film von Gerhard Amm mit Flugaufnahmen von Norbert Ott als Gemeinschaftsproduktion.<\/p>\n<p>Natur und Kultur in Franken im Wechsel der Jahreszeiten. Dieser Film hat nicht den Anspruch alle Attraktionen Frankens zu zeigen, vielmehr zeigt er gr\u00f6\u00dftenteils die Lieblingspl\u00e4tze der Filmautoren. Frankens Schl\u00f6sser und Burgen &#8211; Winteraustreiben in Effeltrich und Baiersdorf &#8211; Das alte Brauchtum Osterbrunnen zu schm\u00fccken in der fr\u00e4nkischen Schweiz &#8211; Fronleichnam in Effeltrich &#8211; Die alte Dampfeisenbahn im Wiesenttal &#8211; Pottenstein, G\u00f6\u00dfweinstein und Sainspareil &#8211; Die Limmersdorfer Tanzlindenkirchweih &#8211; Das bayerische K\u00f6nigsberg in den Ha\u00dfbergen. Dazu die zauberhafte Natur. Franken ein Mosaik mit vielen Steinchen.<\/p>\n","protected":false},"excerpt":{"rendered":"<p>\u201eZauberhaftes Franken&#8221; ein neuer Film von Gerhard Amm mit Flugaufnahmen von Norbert Ott als Gemeinschaftsproduktion. Natur und Kultur in Franken im Wechsel der Jahreszeiten. Dieser Film hat nicht den Anspruch alle Attraktionen Frankens zu zeigen, vielmehr zeigt er gr\u00f6\u00dftenteils die Lieblingspl\u00e4tze der Filmautoren. Frankens Schl\u00f6sser und Burgen &#8211; Winteraustreiben in Effeltrich und Baiersdorf &#8211; Das [&hellip;]<\/p>\n","protected":false},"author":1,"featured_media":0,"comment_status":"closed","ping_status":"closed","sticky":false,"template":"","format":"standard","meta":{"ngg_post_thumbnail":0,"footnotes":""},"categories":[9],"tags":[],"class_list":["post-1163","post","type-post","status-publish","format-standard","hentry","category-sfc-veranstaltungen"],"_links":{"self":[{"href":"https:\/\/sfc-stein.de\/index.php?rest_route=\/wp\/v2\/posts\/1163","targetHints":{"allow":["GET"]}}],"collection":[{"href":"https:\/\/sfc-stein.de\/index.php?rest_route=\/wp\/v2\/posts"}],"about":[{"href":"https:\/\/sfc-stein.de\/index.php?rest_route=\/wp\/v2\/types\/post"}],"author":[{"embeddable":true,"href":"https:\/\/sfc-stein.de\/index.php?rest_route=\/wp\/v2\/users\/1"}],"replies":[{"embeddable":true,"href":"https:\/\/sfc-stein.de\/index.php?rest_route=%2Fwp%2Fv2%2Fcomments&post=1163"}],"version-history":[{"count":3,"href":"https:\/\/sfc-stein.de\/index.php?rest_route=\/wp\/v2\/posts\/1163\/revisions"}],"predecessor-version":[{"id":1167,"href":"https:\/\/sfc-stein.de\/index.php?rest_route=\/wp\/v2\/posts\/1163\/revisions\/1167"}],"wp:attachment":[{"href":"https:\/\/sfc-stein.de\/index.php?rest_route=%2Fwp%2Fv2%2Fmedia&parent=1163"}],"wp:term":[{"taxonomy":"category","embeddable":true,"href":"https:\/\/sfc-stein.de\/index.php?rest_route=%2Fwp%2Fv2%2Fcategories&post=1163"},{"taxonomy":"post_tag","embeddable":true,"href":"https:\/\/sfc-stein.de\/index.php?rest_route=%2Fwp%2Fv2%2Ftags&post=1163"}],"curies":[{"name":"wp","href":"https:\/\/api.w.org\/{rel}","templated":true}]}}